{"id":4158,"date":"2022-12-08T12:35:53","date_gmt":"2022-12-08T11:35:53","guid":{"rendered":"https:\/\/blog.cerge-ei.cz\/?p=4158"},"modified":"2022-12-08T12:35:53","modified_gmt":"2022-12-08T11:35:53","slug":"klara-kaliskova-there-are-big-reserves-in-increasing-labor-force","status":"publish","type":"post","link":"https:\/\/blog.cerge-ei.cz\/?p=4158","title":{"rendered":"Kl\u00e1ra Kal\u00ed\u0161kov\u00e1: There Are Big Reserves in Increasing Labor Force"},"content":{"rendered":"<p>The Czech labor market situation has been affected by the COVID-19 pandemic and in recent months by the war in Ukraine. A high number of refugees, among whom women predominate, a tight market, and high inflation, present new challenges. What are the main characteristics of the Czech labor market now? What changes has the labor market undergone in recent years? What is the position of women in the Czech labor market? In\u00a0<a href=\"https:\/\/podcasts.apple.com\/cz\/podcast\/kl%C3%A1ra-kal%C3%AD%C5%A1kov%C3%A1-there-are-big-reserves-in-increasing\/id1573541847?i=1000579907750\"><em>Talking Economics<\/em><\/a> Katar\u00edna Stehl\u00edkov\u00e1 talks about these issues with <strong>Kl\u00e1ra Kal\u00ed\u0161kov\u00e1<\/strong>.<!--more--><\/p>\n<p><em>\u201cWhat is really typical about the Czech labor market these years, is low unemployment. We have a really low unemployment rate and the labor market is very tight at the moment. There are also pressures on increasing wages connected to high inflation,\u201d <\/em>Kl\u00e1ra explains. This applies to women and women refugees from Ukraine in Czech Republic: \u201c<em>Czech Republic has very high female employment, but if you look at women especially with pre-school children, we have one of the lowest employment rates.<\/em><\/p>\n<p><em>About half of the refugees are already employed, but they are not working in qualified positions and only about 16% work in their own field. There are big reserves in increasing the labor force,\u201d <\/em>she concludes.<\/p>\n<p><em> <a href=\"https:\/\/blog.cerge-ei.cz\/wp-content\/uploads\/2022\/12\/IMG_6857-scaled.jpg\"><img loading=\"lazy\" decoding=\"async\" class=\"alignnone size-medium wp-image-4159\" src=\"https:\/\/blog.cerge-ei.cz\/wp-content\/uploads\/2022\/12\/IMG_6857-300x225.jpg\" alt=\"\" width=\"300\" height=\"225\" srcset=\"https:\/\/blog.cerge-ei.cz\/wp-content\/uploads\/2022\/12\/IMG_6857-300x225.jpg 300w, https:\/\/blog.cerge-ei.cz\/wp-content\/uploads\/2022\/12\/IMG_6857-1024x768.jpg 1024w, https:\/\/blog.cerge-ei.cz\/wp-content\/uploads\/2022\/12\/IMG_6857-768x576.jpg 768w, https:\/\/blog.cerge-ei.cz\/wp-content\/uploads\/2022\/12\/IMG_6857-1536x1152.jpg 1536w, https:\/\/blog.cerge-ei.cz\/wp-content\/uploads\/2022\/12\/IMG_6857-2048x1536.jpg 2048w\" sizes=\"auto, (max-width: 300px) 100vw, 300px\" \/><\/a><\/em><\/p>\n<p>Kl\u00e1ra Kal\u00ed\u0161kov\u00e1 is a CERGE-EI PhD alumna, an Assistant Professor at Faculty of Informatics and Statistics, Prague University of Economics and Business, researcher of IDEA think tank, and Associated Scientist at Economics Institute of Czech Academy of Sciences. Her main research interests lie in empirical and policy-oriented research in labor economics and applied econometrics.<\/p>\n<p>You can listen to the Podcast\u00a0on: <a href=\"https:\/\/open.spotify.com\/episode\/0gviCGuz4J3KtnZiXfqBPt\">Spotify<\/a>,\u00a0<a href=\"https:\/\/podcasts.google.com\/feed\/aHR0cHM6Ly9hbmNob3IuZm0vcy81NGY1YzFlNC9wb2RjYXN0L3Jzcw\/episode\/NTAyMTIxYjEtZjBkZC00Njk1LWE5ZDUtMzc5MzJlNzgxM2Ix?sa=X&amp;ved=0CAUQkfYCahcKEwiYxtevx6D6AhUAAAAAHQAAAAAQAQ\">Google Podcasts<\/a>,<a href=\"https:\/\/podcasts.apple.com\/cz\/podcast\/kl%C3%A1ra-kal%C3%AD%C5%A1kov%C3%A1-there-are-big-reserves-in-increasing\/id1573541847?i=1000579907750\">\u00a0Apple Podcasts,<\/a>\u00a0and\u00a0<a href=\"https:\/\/www.youtube.com\/watch?v=vMOn049vgmY\">YouTube<\/a>.<\/p>\n","protected":false},"excerpt":{"rendered":"<p>The Czech labor market situation has been affected by the COVID-19 pandemic and in recent months by the war in Ukraine. A high number of refugees, among whom women predominate, a tight market, and high inflation, present new challenges. What are the main characteristics of the Czech labor market now? What changes has the labor &hellip; <a href=\"https:\/\/blog.cerge-ei.cz\/?p=4158\" class=\"more-link\">Continue reading <span class=\"screen-reader-text\">Kl\u00e1ra Kal\u00ed\u0161kov\u00e1: There Are Big Reserves in Increasing Labor Force<\/span> <span class=\"meta-nav\">&rarr;<\/span><\/a><\/p>\n","protected":false},"author":10,"featured_media":4082,"comment_status":"open","ping_status":"open","sticky":false,"template":"","format":"standard","meta":{"footnotes":""},"categories":[149,226],"tags":[],"class_list":["post-4158","post","type-post","status-publish","format-standard","has-post-thumbnail","hentry","category-alumni","category-talking-economics-podcast"],"aioseo_notices":[],"_links":{"self":[{"href":"https:\/\/blog.cerge-ei.cz\/index.php?rest_route=\/wp\/v2\/posts\/4158","targetHints":{"allow":["GET"]}}],"collection":[{"href":"https:\/\/blog.cerge-ei.cz\/index.php?rest_route=\/wp\/v2\/posts"}],"about":[{"href":"https:\/\/blog.cerge-ei.cz\/index.php?rest_route=\/wp\/v2\/types\/post"}],"author":[{"embeddable":true,"href":"https:\/\/blog.cerge-ei.cz\/index.php?rest_route=\/wp\/v2\/users\/10"}],"replies":[{"embeddable":true,"href":"https:\/\/blog.cerge-ei.cz\/index.php?rest_route=%2Fwp%2Fv2%2Fcomments&post=4158"}],"version-history":[{"count":1,"href":"https:\/\/blog.cerge-ei.cz\/index.php?rest_route=\/wp\/v2\/posts\/4158\/revisions"}],"predecessor-version":[{"id":4160,"href":"https:\/\/blog.cerge-ei.cz\/index.php?rest_route=\/wp\/v2\/posts\/4158\/revisions\/4160"}],"wp:featuredmedia":[{"embeddable":true,"href":"https:\/\/blog.cerge-ei.cz\/index.php?rest_route=\/wp\/v2\/media\/4082"}],"wp:attachment":[{"href":"https:\/\/blog.cerge-ei.cz\/index.php?rest_route=%2Fwp%2Fv2%2Fmedia&parent=4158"}],"wp:term":[{"taxonomy":"category","embeddable":true,"href":"https:\/\/blog.cerge-ei.cz\/index.php?rest_route=%2Fwp%2Fv2%2Fcategories&post=4158"},{"taxonomy":"post_tag","embeddable":true,"href":"https:\/\/blog.cerge-ei.cz\/index.php?rest_route=%2Fwp%2Fv2%2Ftags&post=4158"}],"curies":[{"name":"wp","href":"https:\/\/api.w.org\/{rel}","templated":true}]}}